{"id":5610,"date":"2024-10-31T10:47:02","date_gmt":"2024-10-31T09:47:02","guid":{"rendered":"https:\/\/care4farm.dk\/?p=5610"},"modified":"2024-10-31T10:51:24","modified_gmt":"2024-10-31T09:51:24","slug":"trocknen-und-lagern-von-getreide-und-saatgut-im-winter","status":"publish","type":"post","link":"https:\/\/care4farm.dk\/de\/torring-og-lagring-af-korn-og-froafgroder-om-vinteren\/","title":{"rendered":"Trocknen und Lagern von Getreide und Saatgut im Winter"},"content":{"rendered":"<div data-elementor-type=\"wp-post\" data-elementor-id=\"5610\" class=\"elementor elementor-5610\" data-elementor-post-type=\"post\">\n\t\t\t\t\t\t<section class=\"elementor-section elementor-top-section elementor-element elementor-element-5faafa7 elementor-section-boxed elementor-section-height-default elementor-section-height-default\" data-id=\"5faafa7\" data-element_type=\"section\">\n\t\t\t\t\t\t<div class=\"elementor-container elementor-column-gap-default\">\n\t\t\t\t\t<div class=\"elementor-column elementor-col-100 elementor-top-column elementor-element elementor-element-506dae5\" data-id=\"506dae5\" data-element_type=\"column\">\n\t\t\t<div class=\"elementor-widget-wrap elementor-element-populated\">\n\t\t\t\t\t\t<div class=\"elementor-element elementor-element-ae0cf76 elementor-widget elementor-widget-heading\" data-id=\"ae0cf76\" data-element_type=\"widget\" data-widget_type=\"heading.default\">\n\t\t\t\t<div class=\"elementor-widget-container\">\n\t\t\t\t\t<h2 class=\"elementor-heading-title elementor-size-default\">Trocknen und Lagern von Getreide und Saatgut im Winter\n<\/h2>\t\t\t\t<\/div>\n\t\t\t\t<\/div>\n\t\t\t\t<div class=\"elementor-element elementor-element-6d2c9cd elementor-widget elementor-widget-text-editor\" data-id=\"6d2c9cd\" data-element_type=\"widget\" data-widget_type=\"text-editor.default\">\n\t\t\t\t<div class=\"elementor-widget-container\">\n\t\t\t\t\t\t\t\t\t<p>Wenn der Winter naht, ist es wichtig, dass Ihre Ernten richtig gelagert werden. Effektives Trocknen und Lagern verhindert Qualit\u00e4tsverluste und minimiert finanzielle Verluste. Hier sind einige wichtige Tipps, wie Sie Ihre Ernten in den kalten Monaten am besten handhaben.<\/p>\t\t\t\t\t\t\t\t<\/div>\n\t\t\t\t<\/div>\n\t\t\t\t\t<\/div>\n\t\t<\/div>\n\t\t\t\t\t<\/div>\n\t\t<\/section>\n\t\t\t\t<section class=\"elementor-section elementor-top-section elementor-element elementor-element-23c5e2a elementor-section-boxed elementor-section-height-default elementor-section-height-default\" data-id=\"23c5e2a\" data-element_type=\"section\">\n\t\t\t\t\t\t<div class=\"elementor-container elementor-column-gap-default\">\n\t\t\t\t\t<div class=\"elementor-column elementor-col-100 elementor-top-column elementor-element elementor-element-8733343\" data-id=\"8733343\" data-element_type=\"column\">\n\t\t\t<div class=\"elementor-widget-wrap elementor-element-populated\">\n\t\t\t\t\t\t<div class=\"elementor-element elementor-element-9b2d940 elementor-widget elementor-widget-spacer\" data-id=\"9b2d940\" data-element_type=\"widget\" data-widget_type=\"spacer.default\">\n\t\t\t\t<div class=\"elementor-widget-container\">\n\t\t\t\t\t\t\t<div class=\"elementor-spacer\">\n\t\t\t<div class=\"elementor-spacer-inner\"><\/div>\n\t\t<\/div>\n\t\t\t\t\t\t<\/div>\n\t\t\t\t<\/div>\n\t\t\t\t\t<\/div>\n\t\t<\/div>\n\t\t\t\t\t<\/div>\n\t\t<\/section>\n\t\t\t\t<section class=\"elementor-section elementor-top-section elementor-element elementor-element-1e55b65 elementor-section-boxed elementor-section-height-default elementor-section-height-default\" data-id=\"1e55b65\" data-element_type=\"section\">\n\t\t\t\t\t\t<div class=\"elementor-container elementor-column-gap-default\">\n\t\t\t\t\t<div class=\"elementor-column elementor-col-100 elementor-top-column elementor-element elementor-element-e0486a5\" data-id=\"e0486a5\" data-element_type=\"column\">\n\t\t\t<div class=\"elementor-widget-wrap elementor-element-populated\">\n\t\t\t\t\t\t<div class=\"elementor-element elementor-element-cef0db2 elementor-widget elementor-widget-image\" data-id=\"cef0db2\" data-element_type=\"widget\" data-widget_type=\"image.default\">\n\t\t\t\t<div class=\"elementor-widget-container\">\n\t\t\t\t\t\t\t\t\t\t\t\t\t\t\t<img fetchpriority=\"high\" decoding=\"async\" width=\"1024\" height=\"725\" src=\"https:\/\/care4farm.dk\/wp-content\/uploads\/2024\/10\/Design-uden-navn.jpg\" class=\"attachment-large size-large wp-image-5613\" alt=\"Trocknung und Lagerung von Getreide- und Saatgutforderungen im Winter\" srcset=\"https:\/\/care4farm.dk\/wp-content\/uploads\/2024\/10\/Design-uden-navn.jpg 1309w, https:\/\/care4farm.dk\/wp-content\/uploads\/2024\/10\/Design-uden-navn-300x212.jpg 300w, https:\/\/care4farm.dk\/wp-content\/uploads\/2024\/10\/Design-uden-navn-1024x725.jpg 1024w, https:\/\/care4farm.dk\/wp-content\/uploads\/2024\/10\/Design-uden-navn-768x544.jpg 768w, https:\/\/care4farm.dk\/wp-content\/uploads\/2024\/10\/Design-uden-navn-18x12.jpg 18w\" sizes=\"(max-width: 1024px) 100vw, 1024px\" \/>\t\t\t\t\t\t\t\t\t\t\t\t\t\t\t<\/div>\n\t\t\t\t<\/div>\n\t\t\t\t\t<\/div>\n\t\t<\/div>\n\t\t\t\t\t<\/div>\n\t\t<\/section>\n\t\t\t\t<section class=\"elementor-section elementor-top-section elementor-element elementor-element-c294fdd elementor-section-boxed elementor-section-height-default elementor-section-height-default\" data-id=\"c294fdd\" data-element_type=\"section\">\n\t\t\t\t\t\t<div class=\"elementor-container elementor-column-gap-default\">\n\t\t\t\t\t<div class=\"elementor-column elementor-col-100 elementor-top-column elementor-element elementor-element-0b6c54a\" data-id=\"0b6c54a\" data-element_type=\"column\">\n\t\t\t<div class=\"elementor-widget-wrap elementor-element-populated\">\n\t\t\t\t\t\t<div class=\"elementor-element elementor-element-2193034 elementor-widget elementor-widget-spacer\" data-id=\"2193034\" data-element_type=\"widget\" data-widget_type=\"spacer.default\">\n\t\t\t\t<div class=\"elementor-widget-container\">\n\t\t\t\t\t\t\t<div class=\"elementor-spacer\">\n\t\t\t<div class=\"elementor-spacer-inner\"><\/div>\n\t\t<\/div>\n\t\t\t\t\t\t<\/div>\n\t\t\t\t<\/div>\n\t\t\t\t\t<\/div>\n\t\t<\/div>\n\t\t\t\t\t<\/div>\n\t\t<\/section>\n\t\t\t\t<section class=\"elementor-section elementor-top-section elementor-element elementor-element-eee4ed0 elementor-section-boxed elementor-section-height-default elementor-section-height-default\" data-id=\"eee4ed0\" data-element_type=\"section\">\n\t\t\t\t\t\t<div class=\"elementor-container elementor-column-gap-default\">\n\t\t\t\t\t<div class=\"elementor-column elementor-col-100 elementor-top-column elementor-element elementor-element-a46a1ed\" data-id=\"a46a1ed\" data-element_type=\"column\">\n\t\t\t<div class=\"elementor-widget-wrap elementor-element-populated\">\n\t\t\t\t\t\t<div class=\"elementor-element elementor-element-fa233a3 elementor-widget elementor-widget-heading\" data-id=\"fa233a3\" data-element_type=\"widget\" data-widget_type=\"heading.default\">\n\t\t\t\t<div class=\"elementor-widget-container\">\n\t\t\t\t\t<h2 class=\"elementor-heading-title elementor-size-default\">Lagern von Getreide im Winter\n<\/h2>\t\t\t\t<\/div>\n\t\t\t\t<\/div>\n\t\t\t\t\t<\/div>\n\t\t<\/div>\n\t\t\t\t\t<\/div>\n\t\t<\/section>\n\t\t\t\t<section class=\"elementor-section elementor-top-section elementor-element elementor-element-ddf90b8 elementor-section-boxed elementor-section-height-default elementor-section-height-default\" data-id=\"ddf90b8\" data-element_type=\"section\">\n\t\t\t\t\t\t<div class=\"elementor-container elementor-column-gap-default\">\n\t\t\t\t\t<div class=\"elementor-column elementor-col-100 elementor-top-column elementor-element elementor-element-1115846\" data-id=\"1115846\" data-element_type=\"column\">\n\t\t\t<div class=\"elementor-widget-wrap elementor-element-populated\">\n\t\t\t\t\t\t<div class=\"elementor-element elementor-element-898f9d4 elementor-widget elementor-widget-text-editor\" data-id=\"898f9d4\" data-element_type=\"widget\" data-widget_type=\"text-editor.default\">\n\t\t\t\t<div class=\"elementor-widget-container\">\n\t\t\t\t\t\t\t\t\t<p>Nach dem Trocknen ist es wichtig, Ihre Ernten weiterhin zu \u00fcberwachen. Getreide gilt im Allgemeinen als lagerstabil, wenn es auf etwa 15 % Feuchtigkeit getrocknet und die Getreidetemperatur auf 0 bis 5 \u00b0C gesenkt wurde. Nur wenn diese Bedingungen w\u00e4hrend der gesamten Lagerung erf\u00fcllt sind, k\u00f6nnen Sie sich auf seine Stabilit\u00e4t verlassen. Die Herausforderung besteht darin, dass die gew\u00fcnschte Getreidetemperatur nicht gleichzeitig mit dem Abschluss des Trocknungsprozesses erreicht werden kann. Erst wenn Nachtfrost einsetzt und Sie das Getreide mit kalter, trockener Luft abk\u00fchlen k\u00f6nnen, k\u00f6nnen Sie die gew\u00fcnschte Getreidetemperatur erreichen.<\/p><p>Es ist wichtig zu beachten, dass es zwischen dem Trocknen und dem Abk\u00fchlen eine Zeit gibt, in der eine kontinuierliche \u00dcberwachung der Getreidetemperatur entscheidend ist. Es besteht insbesondere das Risiko, dass Teile oder das gesamte Getreide mit h\u00f6herem Feuchtigkeitsgehalt beginnen, sich zu erhitzen. Wenn sich das Getreide erw\u00e4rmt, f\u00fchrt dies zu einem Verlust an Keimf\u00e4higkeit und Trockenmasse, was zu finanziellen Einbu\u00dfen f\u00fchrt. Ohne sofortiges Handeln kann dies auch zu einem Befall mit Kornk\u00e4fern sowie zur Entwicklung von sch\u00e4dlichen Schimmelpilzen und Toxinen f\u00fchren.<\/p><p>Auch wenn das Getreide getrocknet wurde, ist es notwendig, den Lagerraum zu bel\u00fcften, wenn die Au\u00dfentemperatur mindestens f\u00fcnf Grad unter der Temperatur des Getreides liegt. Dadurch wird verhindert, dass das Getreide unn\u00f6tige W\u00e4rme aufnimmt.<\/p>\t\t\t\t\t\t\t\t<\/div>\n\t\t\t\t<\/div>\n\t\t\t\t\t<\/div>\n\t\t<\/div>\n\t\t\t\t\t<\/div>\n\t\t<\/section>\n\t\t\t\t<section class=\"elementor-section elementor-top-section elementor-element elementor-element-096a2dd elementor-section-boxed elementor-section-height-default elementor-section-height-default\" data-id=\"096a2dd\" data-element_type=\"section\">\n\t\t\t\t\t\t<div class=\"elementor-container elementor-column-gap-default\">\n\t\t\t\t\t<div class=\"elementor-column elementor-col-100 elementor-top-column elementor-element elementor-element-7d60f7f\" data-id=\"7d60f7f\" data-element_type=\"column\">\n\t\t\t<div class=\"elementor-widget-wrap elementor-element-populated\">\n\t\t\t\t\t\t<div class=\"elementor-element elementor-element-83bd64a elementor-widget elementor-widget-heading\" data-id=\"83bd64a\" data-element_type=\"widget\" data-widget_type=\"heading.default\">\n\t\t\t\t<div class=\"elementor-widget-container\">\n\t\t\t\t\t<h2 class=\"elementor-heading-title elementor-size-default\">Automatische Messung von Temperatur und Luftfeuchtigkeit<\/h2>\t\t\t\t<\/div>\n\t\t\t\t<\/div>\n\t\t\t\t\t<\/div>\n\t\t<\/div>\n\t\t\t\t\t<\/div>\n\t\t<\/section>\n\t\t\t\t<section class=\"elementor-section elementor-top-section elementor-element elementor-element-f171288 elementor-section-boxed elementor-section-height-default elementor-section-height-default\" data-id=\"f171288\" data-element_type=\"section\">\n\t\t\t\t\t\t<div class=\"elementor-container elementor-column-gap-default\">\n\t\t\t\t\t<div class=\"elementor-column elementor-col-100 elementor-top-column elementor-element elementor-element-f350af0\" data-id=\"f350af0\" data-element_type=\"column\">\n\t\t\t<div class=\"elementor-widget-wrap elementor-element-populated\">\n\t\t\t\t\t\t<div class=\"elementor-element elementor-element-e91106b elementor-widget elementor-widget-text-editor\" data-id=\"e91106b\" data-element_type=\"widget\" data-widget_type=\"text-editor.default\">\n\t\t\t\t<div class=\"elementor-widget-container\">\n\t\t\t\t\t\t\t\t\t<p>Durch die Verwendung von Temperatur- und Luftfeuchtigkeitssensoren wie StackView k\u00f6nnen Sie die Temperatur und Luftfeuchtigkeit Ihrer Pflanzen automatisch und drahtlos messen und \u00fcberwachen. Diese Daten werden auf der Care4Farm-Plattform gesammelt, wo Sie Warnmeldungen einrichten k\u00f6nnen, die Sie benachrichtigen, wenn Temperatur oder Luftfeuchtigkeit kritische Schwellenwerte \u00fcberschreiten. So k\u00f6nnen Sie Ma\u00dfnahmen ergreifen, um Ihre Pflanzen vor dem Verderben zu sch\u00fctzen<\/p>\t\t\t\t\t\t\t\t<\/div>\n\t\t\t\t<\/div>\n\t\t\t\t\t<\/div>\n\t\t<\/div>\n\t\t\t\t\t<\/div>\n\t\t<\/section>\n\t\t\t\t<section class=\"elementor-section elementor-top-section elementor-element elementor-element-d1000d7 elementor-section-boxed elementor-section-height-default elementor-section-height-default\" data-id=\"d1000d7\" data-element_type=\"section\">\n\t\t\t\t\t\t<div class=\"elementor-container elementor-column-gap-default\">\n\t\t\t\t\t<div class=\"elementor-column elementor-col-100 elementor-top-column elementor-element elementor-element-eeff39a\" data-id=\"eeff39a\" data-element_type=\"column\">\n\t\t\t<div class=\"elementor-widget-wrap elementor-element-populated\">\n\t\t\t\t\t\t<div class=\"elementor-element elementor-element-95bf4b5 elementor-widget elementor-widget-spacer\" data-id=\"95bf4b5\" data-element_type=\"widget\" data-widget_type=\"spacer.default\">\n\t\t\t\t<div class=\"elementor-widget-container\">\n\t\t\t\t\t\t\t<div class=\"elementor-spacer\">\n\t\t\t<div class=\"elementor-spacer-inner\"><\/div>\n\t\t<\/div>\n\t\t\t\t\t\t<\/div>\n\t\t\t\t<\/div>\n\t\t\t\t\t<\/div>\n\t\t<\/div>\n\t\t\t\t\t<\/div>\n\t\t<\/section>\n\t\t\t\t<section class=\"elementor-section elementor-top-section elementor-element elementor-element-f4c5e73 elementor-section-boxed elementor-section-height-default elementor-section-height-default\" data-id=\"f4c5e73\" data-element_type=\"section\">\n\t\t\t\t\t\t<div class=\"elementor-container elementor-column-gap-default\">\n\t\t\t\t\t<div class=\"elementor-column elementor-col-100 elementor-top-column elementor-element elementor-element-01a87ac\" data-id=\"01a87ac\" data-element_type=\"column\">\n\t\t\t<div class=\"elementor-widget-wrap elementor-element-populated\">\n\t\t\t\t\t\t<div class=\"elementor-element elementor-element-6910de3 elementor-widget elementor-widget-heading\" data-id=\"6910de3\" data-element_type=\"widget\" data-widget_type=\"heading.default\">\n\t\t\t\t<div class=\"elementor-widget-container\">\n\t\t\t\t\t<h2 class=\"elementor-heading-title elementor-size-default\">Produktmerkmale<\/h2>\t\t\t\t<\/div>\n\t\t\t\t<\/div>\n\t\t\t\t\t<\/div>\n\t\t<\/div>\n\t\t\t\t\t<\/div>\n\t\t<\/section>\n\t\t\t\t<section class=\"elementor-section elementor-top-section elementor-element elementor-element-e55cab8 elementor-section-boxed elementor-section-height-default elementor-section-height-default\" data-id=\"e55cab8\" data-element_type=\"section\">\n\t\t\t\t\t\t<div class=\"elementor-container elementor-column-gap-default\">\n\t\t\t\t\t<div class=\"elementor-column elementor-col-50 elementor-top-column elementor-element elementor-element-5c7e89e\" data-id=\"5c7e89e\" data-element_type=\"column\">\n\t\t\t<div class=\"elementor-widget-wrap elementor-element-populated\">\n\t\t\t\t\t\t<div class=\"elementor-element elementor-element-8e8bb86 elementor-widget elementor-widget-text-editor\" data-id=\"8e8bb86\" data-element_type=\"widget\" data-widget_type=\"text-editor.default\">\n\t\t\t\t<div class=\"elementor-widget-container\">\n\t\t\t\t\t\t\t\t\t<p class=\"translation-block\">Inklusive: StackView inklusive Antenne, Batterie, SIM-Karte, Software-Updates, Datenspeicher und Support<\/p><p class=\"translation-block\">L\u00e4nge: 1500 mm<\/p><p class=\"translation-block\">Material: Edelstahl<\/p><p class=\"translation-block\">Geeignet f\u00fcr Waren: Gerste, Bohnen, Raps, Mais, Getreide, Heu, Linsen, Hafer, Sonstiges, Erbsen, Reis, Roggen, Silage, Sojabohnen, Weizen und Heu<\/p><p class=\"translation-block\">Geeignet f\u00fcr \u00f6kologischen Landbau: Ja<\/p><p class=\"translation-block\">Oberfl\u00e4chenbehandlung: Poliert<\/p><p class=\"translation-block\">Temperaturbereich: -40 \u2013 +120 \u00b0C<\/p><p class=\"translation-block\">Genauigkeit: +\/- 2\u00b0<\/p><p class=\"translation-block\">Gewicht: 1 kg<\/p>\t\t\t\t\t\t\t\t<\/div>\n\t\t\t\t<\/div>\n\t\t\t\t\t<\/div>\n\t\t<\/div>\n\t\t\t\t<div class=\"elementor-column elementor-col-50 elementor-top-column elementor-element elementor-element-19f0f28\" data-id=\"19f0f28\" data-element_type=\"column\">\n\t\t\t<div class=\"elementor-widget-wrap elementor-element-populated\">\n\t\t\t\t\t\t<div class=\"elementor-element elementor-element-48371eb elementor-widget elementor-widget-image\" data-id=\"48371eb\" data-element_type=\"widget\" data-widget_type=\"image.default\">\n\t\t\t\t<div class=\"elementor-widget-container\">\n\t\t\t\t\t\t\t\t\t\t\t\t\t\t\t<img decoding=\"async\" width=\"682\" height=\"1024\" src=\"https:\/\/care4farm.dk\/wp-content\/uploads\/2024\/04\/Minimalist-Journal-Notes-Pages-Planner-3465-x-5202-px-4-682x1024.png\" class=\"attachment-large size-large wp-image-5186\" alt=\"wireless grain sensor\" srcset=\"https:\/\/care4farm.dk\/wp-content\/uploads\/2024\/04\/Minimalist-Journal-Notes-Pages-Planner-3465-x-5202-px-4-682x1024.png 682w, https:\/\/care4farm.dk\/wp-content\/uploads\/2024\/04\/Minimalist-Journal-Notes-Pages-Planner-3465-x-5202-px-4-200x300.png 200w, https:\/\/care4farm.dk\/wp-content\/uploads\/2024\/04\/Minimalist-Journal-Notes-Pages-Planner-3465-x-5202-px-4-768x1153.png 768w, https:\/\/care4farm.dk\/wp-content\/uploads\/2024\/04\/Minimalist-Journal-Notes-Pages-Planner-3465-x-5202-px-4-1023x1536.png 1023w, https:\/\/care4farm.dk\/wp-content\/uploads\/2024\/04\/Minimalist-Journal-Notes-Pages-Planner-3465-x-5202-px-4-1364x2048.png 1364w, https:\/\/care4farm.dk\/wp-content\/uploads\/2024\/04\/Minimalist-Journal-Notes-Pages-Planner-3465-x-5202-px-4-8x12.png 8w\" sizes=\"(max-width: 682px) 100vw, 682px\" \/>\t\t\t\t\t\t\t\t\t\t\t\t\t\t\t<\/div>\n\t\t\t\t<\/div>\n\t\t\t\t\t<\/div>\n\t\t<\/div>\n\t\t\t\t\t<\/div>\n\t\t<\/section>\n\t\t\t\t<section class=\"elementor-section elementor-top-section elementor-element elementor-element-d63e8be elementor-section-boxed elementor-section-height-default elementor-section-height-default\" data-id=\"d63e8be\" data-element_type=\"section\">\n\t\t\t\t\t\t<div class=\"elementor-container elementor-column-gap-default\">\n\t\t\t\t\t<div class=\"elementor-column elementor-col-100 elementor-top-column elementor-element elementor-element-bc9fb39\" data-id=\"bc9fb39\" data-element_type=\"column\">\n\t\t\t<div class=\"elementor-widget-wrap elementor-element-populated\">\n\t\t\t\t\t\t<div class=\"elementor-element elementor-element-c3b3620 elementor-widget elementor-widget-spacer\" data-id=\"c3b3620\" data-element_type=\"widget\" data-widget_type=\"spacer.default\">\n\t\t\t\t<div class=\"elementor-widget-container\">\n\t\t\t\t\t\t\t<div class=\"elementor-spacer\">\n\t\t\t<div class=\"elementor-spacer-inner\"><\/div>\n\t\t<\/div>\n\t\t\t\t\t\t<\/div>\n\t\t\t\t<\/div>\n\t\t\t\t\t<\/div>\n\t\t<\/div>\n\t\t\t\t\t<\/div>\n\t\t<\/section>\n\t\t\t\t<section class=\"elementor-section elementor-top-section elementor-element elementor-element-b6f8fc2 elementor-section-boxed elementor-section-height-default elementor-section-height-default\" data-id=\"b6f8fc2\" data-element_type=\"section\">\n\t\t\t\t\t\t<div class=\"elementor-container elementor-column-gap-default\">\n\t\t\t\t\t<div class=\"elementor-column elementor-col-100 elementor-top-column elementor-element elementor-element-d561f40\" data-id=\"d561f40\" data-element_type=\"column\">\n\t\t\t<div class=\"elementor-widget-wrap elementor-element-populated\">\n\t\t\t\t\t\t<div class=\"elementor-element elementor-element-b976c3c elementor-widget elementor-widget-text-editor\" data-id=\"b976c3c\" data-element_type=\"widget\" data-widget_type=\"text-editor.default\">\n\t\t\t\t<div class=\"elementor-widget-container\">\n\t\t\t\t\t\t\t\t\t<p><em><strong>Auch interessant<\/strong>: <a href=\"https:\/\/care4farm.dk\/de\/warum-genaue-bestandszustandsdaten-fur-den-versicherungsschutz-von-entscheidender-bedeutung-sind\/\">Warum genaue Bestandszustandsdaten f\u00fcr den Versicherungsschutz von entscheidender Bedeutung sind.&nbsp;<\/a><\/em><\/p>\t\t\t\t\t\t\t\t<\/div>\n\t\t\t\t<\/div>\n\t\t\t\t\t<\/div>\n\t\t<\/div>\n\t\t\t\t\t<\/div>\n\t\t<\/section>\n\t\t\t\t<section class=\"elementor-section elementor-top-section elementor-element elementor-element-4b56584 elementor-section-boxed elementor-section-height-default elementor-section-height-default\" data-id=\"4b56584\" data-element_type=\"section\">\n\t\t\t\t\t\t<div class=\"elementor-container elementor-column-gap-default\">\n\t\t\t\t\t<div class=\"elementor-column elementor-col-100 elementor-top-column elementor-element elementor-element-bb53f18\" data-id=\"bb53f18\" data-element_type=\"column\">\n\t\t\t<div class=\"elementor-widget-wrap elementor-element-populated\">\n\t\t\t\t\t\t<div class=\"elementor-element elementor-element-69304ea elementor-widget elementor-widget-spacer\" data-id=\"69304ea\" data-element_type=\"widget\" data-widget_type=\"spacer.default\">\n\t\t\t\t<div class=\"elementor-widget-container\">\n\t\t\t\t\t\t\t<div class=\"elementor-spacer\">\n\t\t\t<div class=\"elementor-spacer-inner\"><\/div>\n\t\t<\/div>\n\t\t\t\t\t\t<\/div>\n\t\t\t\t<\/div>\n\t\t\t\t\t<\/div>\n\t\t<\/div>\n\t\t\t\t\t<\/div>\n\t\t<\/section>\n\t\t\t\t<section class=\"elementor-section elementor-top-section elementor-element elementor-element-eaf9659 elementor-section-boxed elementor-section-height-default elementor-section-height-default\" data-id=\"eaf9659\" data-element_type=\"section\">\n\t\t\t\t\t\t<div class=\"elementor-container elementor-column-gap-default\">\n\t\t\t\t\t<div class=\"elementor-column elementor-col-100 elementor-top-column elementor-element elementor-element-00bb6d7\" data-id=\"00bb6d7\" data-element_type=\"column\">\n\t\t\t<div class=\"elementor-widget-wrap elementor-element-populated\">\n\t\t\t\t\t\t<div class=\"elementor-element elementor-element-613b24d elementor-widget elementor-widget-text-editor\" data-id=\"613b24d\" data-element_type=\"widget\" data-widget_type=\"text-editor.default\">\n\t\t\t\t<div class=\"elementor-widget-container\">\n\t\t\t\t\t\t\t\t\t<p><em><strong>Quellen<\/strong>: <a href=\"https:\/\/www.landbrugsinfo.dk\/\">Landbrugsinfo.dk<\/a> &amp; <a href=\"https:\/\/fvm.dk\/\">Ministeriet for F\u00f8devarer, Landbrug og Fiskeri.\u00a0<\/a><\/em><\/p>\t\t\t\t\t\t\t\t<\/div>\n\t\t\t\t<\/div>\n\t\t\t\t\t<\/div>\n\t\t<\/div>\n\t\t\t\t\t<\/div>\n\t\t<\/section>\n\t\t\t\t<\/div>","protected":false},"excerpt":{"rendered":"<p>T\u00f8rring og lagring af korn- og fr\u00f8afgr\u00f8der om vinteren N\u00e5r vinteren n\u00e6rmer sig, er det afg\u00f8rende at sikre, at dine afgr\u00f8der opbevares korrekt. Effektiv t\u00f8rring og opbevaring forhindrer tab af kvalitet og minimerer \u00f8konomiske tab. Her er nogle vigtige r\u00e5d til, hvordan du bedst h\u00e5ndterer dine afgr\u00f8der i de kolde m\u00e5neder. Opbevaring af kornet om [&hellip;]<\/p>\n","protected":false},"author":9,"featured_media":5613,"comment_status":"closed","ping_status":"closed","sticky":false,"template":"","format":"standard","meta":{"_acf_changed":false,"footnotes":""},"categories":[1],"tags":[],"class_list":["post-5610","post","type-post","status-publish","format-standard","has-post-thumbnail","hentry","category-artikler"],"acf":[],"yoast_head":"<!-- This site is optimized with the Yoast SEO Premium plugin v27.0 (Yoast SEO v27.5) - https:\/\/yoast.com\/product\/yoast-seo-premium-wordpress\/ -->\n<title>T\u00f8rring og lagring af korn- og fr\u00f8afgr\u00f8der om vinteren | care4farm<\/title>\n<meta name=\"description\" content=\"Korn er lagerfast, n\u00e5r det er nedt\u00f8rret til ca. 15 % og korntemperaturen er nedbragt til mellem 0 og 5 \u00b0C.\" \/>\n<meta name=\"robots\" content=\"index, follow, max-snippet:-1, max-image-preview:large, max-video-preview:-1\" \/>\n<link rel=\"canonical\" href=\"https:\/\/care4farm.dk\/de\/trocknen-und-lagern-von-getreide-und-saatgut-im-winter\/\" \/>\n<meta property=\"og:locale\" content=\"de_DE\" \/>\n<meta property=\"og:type\" content=\"article\" \/>\n<meta property=\"og:title\" content=\"T\u00f8rring og lagring af korn- og fr\u00f8afgr\u00f8der om vinteren\" \/>\n<meta property=\"og:description\" content=\"Korn er lagerfast, n\u00e5r det er nedt\u00f8rret til ca. 15 % og korntemperaturen er nedbragt til mellem 0 og 5 \u00b0C.\" \/>\n<meta property=\"og:url\" content=\"https:\/\/care4farm.dk\/de\/trocknen-und-lagern-von-getreide-und-saatgut-im-winter\/\" \/>\n<meta property=\"og:site_name\" content=\"care4farm\" \/>\n<meta property=\"article:publisher\" content=\"https:\/\/www.facebook.com\/profile.php?id=100085901774024\" \/>\n<meta property=\"article:published_time\" content=\"2024-10-31T09:47:02+00:00\" \/>\n<meta property=\"article:modified_time\" content=\"2024-10-31T09:51:24+00:00\" \/>\n<meta property=\"og:image\" content=\"https:\/\/care4farm.dk\/wp-content\/uploads\/2024\/10\/Design-uden-navn.jpg\" \/>\n\t<meta property=\"og:image:width\" content=\"1309\" \/>\n\t<meta property=\"og:image:height\" content=\"927\" \/>\n\t<meta property=\"og:image:type\" content=\"image\/jpeg\" \/>\n<meta name=\"author\" content=\"Anastasia\" \/>\n<meta name=\"twitter:card\" content=\"summary_large_image\" \/>\n<meta name=\"twitter:label1\" content=\"Verfasst von\" \/>\n\t<meta name=\"twitter:data1\" content=\"Anastasia\" \/>\n\t<meta name=\"twitter:label2\" content=\"Gesch\u00e4tzte Lesezeit\" \/>\n\t<meta name=\"twitter:data2\" content=\"3\u00a0Minuten\" \/>\n<script type=\"application\/ld+json\" class=\"yoast-schema-graph\">{\"@context\":\"https:\\\/\\\/schema.org\",\"@graph\":[{\"@type\":[\"Article\",\"BlogPosting\"],\"@id\":\"https:\\\/\\\/care4farm.dk\\\/torring-og-lagring-af-korn-og-froafgroder-om-vinteren\\\/#article\",\"isPartOf\":{\"@id\":\"https:\\\/\\\/care4farm.dk\\\/torring-og-lagring-af-korn-og-froafgroder-om-vinteren\\\/\"},\"author\":{\"name\":\"Anastasia\",\"@id\":\"https:\\\/\\\/care4farm.dk\\\/#\\\/schema\\\/person\\\/dd2762cab45d8c064845ff73876a3ec5\"},\"headline\":\"T\u00f8rring og lagring af korn- og fr\u00f8afgr\u00f8der om vinteren\",\"datePublished\":\"2024-10-31T09:47:02+00:00\",\"dateModified\":\"2024-10-31T09:51:24+00:00\",\"mainEntityOfPage\":{\"@id\":\"https:\\\/\\\/care4farm.dk\\\/torring-og-lagring-af-korn-og-froafgroder-om-vinteren\\\/\"},\"wordCount\":473,\"publisher\":{\"@id\":\"https:\\\/\\\/care4farm.dk\\\/#organization\"},\"image\":{\"@id\":\"https:\\\/\\\/care4farm.dk\\\/torring-og-lagring-af-korn-og-froafgroder-om-vinteren\\\/#primaryimage\"},\"thumbnailUrl\":\"https:\\\/\\\/care4farm.dk\\\/wp-content\\\/uploads\\\/2024\\\/10\\\/Design-uden-navn.jpg\",\"articleSection\":[\"Artikler\"],\"inLanguage\":\"de\"},{\"@type\":\"WebPage\",\"@id\":\"https:\\\/\\\/care4farm.dk\\\/torring-og-lagring-af-korn-og-froafgroder-om-vinteren\\\/\",\"url\":\"https:\\\/\\\/care4farm.dk\\\/torring-og-lagring-af-korn-og-froafgroder-om-vinteren\\\/\",\"name\":\"T\u00f8rring og lagring af korn- og fr\u00f8afgr\u00f8der om vinteren | care4farm\",\"isPartOf\":{\"@id\":\"https:\\\/\\\/care4farm.dk\\\/#website\"},\"primaryImageOfPage\":{\"@id\":\"https:\\\/\\\/care4farm.dk\\\/torring-og-lagring-af-korn-og-froafgroder-om-vinteren\\\/#primaryimage\"},\"image\":{\"@id\":\"https:\\\/\\\/care4farm.dk\\\/torring-og-lagring-af-korn-og-froafgroder-om-vinteren\\\/#primaryimage\"},\"thumbnailUrl\":\"https:\\\/\\\/care4farm.dk\\\/wp-content\\\/uploads\\\/2024\\\/10\\\/Design-uden-navn.jpg\",\"datePublished\":\"2024-10-31T09:47:02+00:00\",\"dateModified\":\"2024-10-31T09:51:24+00:00\",\"description\":\"Korn er lagerfast, n\u00e5r det er nedt\u00f8rret til ca. 15 % og korntemperaturen er nedbragt til mellem 0 og 5 \u00b0C.\",\"breadcrumb\":{\"@id\":\"https:\\\/\\\/care4farm.dk\\\/torring-og-lagring-af-korn-og-froafgroder-om-vinteren\\\/#breadcrumb\"},\"inLanguage\":\"de\",\"potentialAction\":[{\"@type\":\"ReadAction\",\"target\":[\"https:\\\/\\\/care4farm.dk\\\/torring-og-lagring-af-korn-og-froafgroder-om-vinteren\\\/\"]}]},{\"@type\":\"ImageObject\",\"inLanguage\":\"de\",\"@id\":\"https:\\\/\\\/care4farm.dk\\\/torring-og-lagring-af-korn-og-froafgroder-om-vinteren\\\/#primaryimage\",\"url\":\"https:\\\/\\\/care4farm.dk\\\/wp-content\\\/uploads\\\/2024\\\/10\\\/Design-uden-navn.jpg\",\"contentUrl\":\"https:\\\/\\\/care4farm.dk\\\/wp-content\\\/uploads\\\/2024\\\/10\\\/Design-uden-navn.jpg\",\"width\":1309,\"height\":927,\"caption\":\"T\u00f8rring og Lagring af Korn- og Fr\u00f8afgr\u00f8der om Vinteren\"},{\"@type\":\"BreadcrumbList\",\"@id\":\"https:\\\/\\\/care4farm.dk\\\/torring-og-lagring-af-korn-og-froafgroder-om-vinteren\\\/#breadcrumb\",\"itemListElement\":[{\"@type\":\"ListItem\",\"position\":1,\"name\":\"Forside\",\"item\":\"https:\\\/\\\/care4farm.dk\\\/\"},{\"@type\":\"ListItem\",\"position\":2,\"name\":\"T\u00f8rring og lagring af korn- og fr\u00f8afgr\u00f8der om vinteren\"}]},{\"@type\":\"WebSite\",\"@id\":\"https:\\\/\\\/care4farm.dk\\\/#website\",\"url\":\"https:\\\/\\\/care4farm.dk\\\/\",\"name\":\"care4farm\",\"description\":\"monitoring temperature of crops\",\"publisher\":{\"@id\":\"https:\\\/\\\/care4farm.dk\\\/#organization\"},\"potentialAction\":[{\"@type\":\"SearchAction\",\"target\":{\"@type\":\"EntryPoint\",\"urlTemplate\":\"https:\\\/\\\/care4farm.dk\\\/?s={search_term_string}\"},\"query-input\":{\"@type\":\"PropertyValueSpecification\",\"valueRequired\":true,\"valueName\":\"search_term_string\"}}],\"inLanguage\":\"de\"},{\"@type\":\"Organization\",\"@id\":\"https:\\\/\\\/care4farm.dk\\\/#organization\",\"name\":\"Care4farm\",\"url\":\"https:\\\/\\\/care4farm.dk\\\/\",\"logo\":{\"@type\":\"ImageObject\",\"inLanguage\":\"de\",\"@id\":\"https:\\\/\\\/care4farm.dk\\\/#\\\/schema\\\/logo\\\/image\\\/\",\"url\":\"https:\\\/\\\/care4farm.dk\\\/wp-content\\\/uploads\\\/2022\\\/02\\\/logo.svg\",\"contentUrl\":\"https:\\\/\\\/care4farm.dk\\\/wp-content\\\/uploads\\\/2022\\\/02\\\/logo.svg\",\"caption\":\"Care4farm\"},\"image\":{\"@id\":\"https:\\\/\\\/care4farm.dk\\\/#\\\/schema\\\/logo\\\/image\\\/\"},\"sameAs\":[\"https:\\\/\\\/www.facebook.com\\\/profile.php?id=100085901774024\"]},{\"@type\":\"Person\",\"@id\":\"https:\\\/\\\/care4farm.dk\\\/#\\\/schema\\\/person\\\/dd2762cab45d8c064845ff73876a3ec5\",\"name\":\"Anastasia\",\"image\":{\"@type\":\"ImageObject\",\"inLanguage\":\"de\",\"@id\":\"https:\\\/\\\/secure.gravatar.com\\\/avatar\\\/57927cafc534083081bfc587358ac0cecbc46a8c509152e2890e7e539712009a?s=96&d=mm&r=g\",\"url\":\"https:\\\/\\\/secure.gravatar.com\\\/avatar\\\/57927cafc534083081bfc587358ac0cecbc46a8c509152e2890e7e539712009a?s=96&d=mm&r=g\",\"contentUrl\":\"https:\\\/\\\/secure.gravatar.com\\\/avatar\\\/57927cafc534083081bfc587358ac0cecbc46a8c509152e2890e7e539712009a?s=96&d=mm&r=g\",\"caption\":\"Anastasia\"},\"url\":\"https:\\\/\\\/care4farm.dk\\\/de\\\/author\\\/ascare4farm-dk\\\/\"}]}<\/script>\n<!-- \/ Yoast SEO Premium plugin. -->","yoast_head_json":{"title":"T\u00f8rring og lagring af korn- og fr\u00f8afgr\u00f8der om vinteren | care4farm","description":"Korn er lagerfast, n\u00e5r det er nedt\u00f8rret til ca. 15 % og korntemperaturen er nedbragt til mellem 0 og 5 \u00b0C.","robots":{"index":"index","follow":"follow","max-snippet":"max-snippet:-1","max-image-preview":"max-image-preview:large","max-video-preview":"max-video-preview:-1"},"canonical":"https:\/\/care4farm.dk\/de\/trocknen-und-lagern-von-getreide-und-saatgut-im-winter\/","og_locale":"de_DE","og_type":"article","og_title":"T\u00f8rring og lagring af korn- og fr\u00f8afgr\u00f8der om vinteren","og_description":"Korn er lagerfast, n\u00e5r det er nedt\u00f8rret til ca. 15 % og korntemperaturen er nedbragt til mellem 0 og 5 \u00b0C.","og_url":"https:\/\/care4farm.dk\/de\/trocknen-und-lagern-von-getreide-und-saatgut-im-winter\/","og_site_name":"care4farm","article_publisher":"https:\/\/www.facebook.com\/profile.php?id=100085901774024","article_published_time":"2024-10-31T09:47:02+00:00","article_modified_time":"2024-10-31T09:51:24+00:00","og_image":[{"width":1309,"height":927,"url":"https:\/\/care4farm.dk\/wp-content\/uploads\/2024\/10\/Design-uden-navn.jpg","type":"image\/jpeg"}],"author":"Anastasia","twitter_card":"summary_large_image","twitter_misc":{"Verfasst von":"Anastasia","Gesch\u00e4tzte Lesezeit":"3\u00a0Minuten"},"schema":{"@context":"https:\/\/schema.org","@graph":[{"@type":["Article","BlogPosting"],"@id":"https:\/\/care4farm.dk\/torring-og-lagring-af-korn-og-froafgroder-om-vinteren\/#article","isPartOf":{"@id":"https:\/\/care4farm.dk\/torring-og-lagring-af-korn-og-froafgroder-om-vinteren\/"},"author":{"name":"Anastasia","@id":"https:\/\/care4farm.dk\/#\/schema\/person\/dd2762cab45d8c064845ff73876a3ec5"},"headline":"T\u00f8rring og lagring af korn- og fr\u00f8afgr\u00f8der om vinteren","datePublished":"2024-10-31T09:47:02+00:00","dateModified":"2024-10-31T09:51:24+00:00","mainEntityOfPage":{"@id":"https:\/\/care4farm.dk\/torring-og-lagring-af-korn-og-froafgroder-om-vinteren\/"},"wordCount":473,"publisher":{"@id":"https:\/\/care4farm.dk\/#organization"},"image":{"@id":"https:\/\/care4farm.dk\/torring-og-lagring-af-korn-og-froafgroder-om-vinteren\/#primaryimage"},"thumbnailUrl":"https:\/\/care4farm.dk\/wp-content\/uploads\/2024\/10\/Design-uden-navn.jpg","articleSection":["Artikler"],"inLanguage":"de"},{"@type":"WebPage","@id":"https:\/\/care4farm.dk\/torring-og-lagring-af-korn-og-froafgroder-om-vinteren\/","url":"https:\/\/care4farm.dk\/torring-og-lagring-af-korn-og-froafgroder-om-vinteren\/","name":"T\u00f8rring og lagring af korn- og fr\u00f8afgr\u00f8der om vinteren | care4farm","isPartOf":{"@id":"https:\/\/care4farm.dk\/#website"},"primaryImageOfPage":{"@id":"https:\/\/care4farm.dk\/torring-og-lagring-af-korn-og-froafgroder-om-vinteren\/#primaryimage"},"image":{"@id":"https:\/\/care4farm.dk\/torring-og-lagring-af-korn-og-froafgroder-om-vinteren\/#primaryimage"},"thumbnailUrl":"https:\/\/care4farm.dk\/wp-content\/uploads\/2024\/10\/Design-uden-navn.jpg","datePublished":"2024-10-31T09:47:02+00:00","dateModified":"2024-10-31T09:51:24+00:00","description":"Korn er lagerfast, n\u00e5r det er nedt\u00f8rret til ca. 15 % og korntemperaturen er nedbragt til mellem 0 og 5 \u00b0C.","breadcrumb":{"@id":"https:\/\/care4farm.dk\/torring-og-lagring-af-korn-og-froafgroder-om-vinteren\/#breadcrumb"},"inLanguage":"de","potentialAction":[{"@type":"ReadAction","target":["https:\/\/care4farm.dk\/torring-og-lagring-af-korn-og-froafgroder-om-vinteren\/"]}]},{"@type":"ImageObject","inLanguage":"de","@id":"https:\/\/care4farm.dk\/torring-og-lagring-af-korn-og-froafgroder-om-vinteren\/#primaryimage","url":"https:\/\/care4farm.dk\/wp-content\/uploads\/2024\/10\/Design-uden-navn.jpg","contentUrl":"https:\/\/care4farm.dk\/wp-content\/uploads\/2024\/10\/Design-uden-navn.jpg","width":1309,"height":927,"caption":"T\u00f8rring og Lagring af Korn- og Fr\u00f8afgr\u00f8der om Vinteren"},{"@type":"BreadcrumbList","@id":"https:\/\/care4farm.dk\/torring-og-lagring-af-korn-og-froafgroder-om-vinteren\/#breadcrumb","itemListElement":[{"@type":"ListItem","position":1,"name":"Forside","item":"https:\/\/care4farm.dk\/"},{"@type":"ListItem","position":2,"name":"T\u00f8rring og lagring af korn- og fr\u00f8afgr\u00f8der om vinteren"}]},{"@type":"WebSite","@id":"https:\/\/care4farm.dk\/#website","url":"https:\/\/care4farm.dk\/","name":"care4farm","description":"monitoring temperature of crops","publisher":{"@id":"https:\/\/care4farm.dk\/#organization"},"potentialAction":[{"@type":"SearchAction","target":{"@type":"EntryPoint","urlTemplate":"https:\/\/care4farm.dk\/?s={search_term_string}"},"query-input":{"@type":"PropertyValueSpecification","valueRequired":true,"valueName":"search_term_string"}}],"inLanguage":"de"},{"@type":"Organization","@id":"https:\/\/care4farm.dk\/#organization","name":"Care4farm bietet einen 24\/7-Support, bei dem Sie jederzeit anrufen k\u00f6nnen, wenn Sie Probleme mit der App haben oder eine weitere Einf\u00fchrung ben\u00f6tigen. Dies ist ein kostenloser Service f\u00fcr jeden Benutzer.","url":"https:\/\/care4farm.dk\/","logo":{"@type":"ImageObject","inLanguage":"de","@id":"https:\/\/care4farm.dk\/#\/schema\/logo\/image\/","url":"https:\/\/care4farm.dk\/wp-content\/uploads\/2022\/02\/logo.svg","contentUrl":"https:\/\/care4farm.dk\/wp-content\/uploads\/2022\/02\/logo.svg","caption":"Care4farm"},"image":{"@id":"https:\/\/care4farm.dk\/#\/schema\/logo\/image\/"},"sameAs":["https:\/\/www.facebook.com\/profile.php?id=100085901774024"]},{"@type":"Person","@id":"https:\/\/care4farm.dk\/#\/schema\/person\/dd2762cab45d8c064845ff73876a3ec5","name":"Anastasia","image":{"@type":"ImageObject","inLanguage":"de","@id":"https:\/\/secure.gravatar.com\/avatar\/57927cafc534083081bfc587358ac0cecbc46a8c509152e2890e7e539712009a?s=96&d=mm&r=g","url":"https:\/\/secure.gravatar.com\/avatar\/57927cafc534083081bfc587358ac0cecbc46a8c509152e2890e7e539712009a?s=96&d=mm&r=g","contentUrl":"https:\/\/secure.gravatar.com\/avatar\/57927cafc534083081bfc587358ac0cecbc46a8c509152e2890e7e539712009a?s=96&d=mm&r=g","caption":"Anastasia"},"url":"https:\/\/care4farm.dk\/de\/author\/ascare4farm-dk\/"}]}},"_links":{"self":[{"href":"https:\/\/care4farm.dk\/de\/wp-json\/wp\/v2\/posts\/5610","targetHints":{"allow":["GET"]}}],"collection":[{"href":"https:\/\/care4farm.dk\/de\/wp-json\/wp\/v2\/posts"}],"about":[{"href":"https:\/\/care4farm.dk\/de\/wp-json\/wp\/v2\/types\/post"}],"author":[{"embeddable":true,"href":"https:\/\/care4farm.dk\/de\/wp-json\/wp\/v2\/users\/9"}],"replies":[{"embeddable":true,"href":"https:\/\/care4farm.dk\/de\/wp-json\/wp\/v2\/comments?post=5610"}],"version-history":[{"count":11,"href":"https:\/\/care4farm.dk\/de\/wp-json\/wp\/v2\/posts\/5610\/revisions"}],"predecessor-version":[{"id":5623,"href":"https:\/\/care4farm.dk\/de\/wp-json\/wp\/v2\/posts\/5610\/revisions\/5623"}],"wp:featuredmedia":[{"embeddable":true,"href":"https:\/\/care4farm.dk\/de\/wp-json\/wp\/v2\/media\/5613"}],"wp:attachment":[{"href":"https:\/\/care4farm.dk\/de\/wp-json\/wp\/v2\/media?parent=5610"}],"wp:term":[{"taxonomy":"category","embeddable":true,"href":"https:\/\/care4farm.dk\/de\/wp-json\/wp\/v2\/categories?post=5610"},{"taxonomy":"post_tag","embeddable":true,"href":"https:\/\/care4farm.dk\/de\/wp-json\/wp\/v2\/tags?post=5610"}],"curies":[{"name":"wp","href":"https:\/\/api.w.org\/{rel}","templated":true}]}}